{"id":192,"date":"2020-05-05T11:18:31","date_gmt":"2020-05-05T09:18:31","guid":{"rendered":"https:\/\/ethoequine.wordpress.com\/?p=5"},"modified":"2020-05-12T11:51:13","modified_gmt":"2020-05-12T09:51:13","slug":"sevrage-precoce","status":"publish","type":"post","link":"https:\/\/ethologie-equine.fr\/index.php\/2020\/05\/05\/sevrage-precoce\/","title":{"rendered":"Sevrage : vers une reconsid\u00e9ration des pratiques ?"},"content":{"rendered":"\n<p>Le sevrage artificiel pr\u00e9coce est un \u00e9v\u00e9nement particuli\u00e8rement stressant pour le poulain, qui peut influencer son d\u00e9veloppement futur.<br>Une r\u00e9cente \u00e9tude men\u00e9e sur des chevaux islandais \u00e9lev\u00e9s en conditions semi-naturelles remet en cause cette pratique.<br>Penchons-nous sur le sujet \ud83e\uddd0<br><\/p>\n\n\n\n<h3 class=\"has-blue-color has-text-color wp-block-heading\"><strong>Qu\u2019entend-on par sevrage artificiel&nbsp;pr\u00e9coce&nbsp;?&nbsp;<\/strong><\/h3>\n\n\n\n<p>Le sevrage artificiel s\u2019effectue g\u00e9n\u00e9ralement lorsque le poulain est \u00e2g\u00e9 de <strong>4 \u00e0 7 mois<\/strong>,&nbsp;ce qui est plus pr\u00e9coce que ce que l\u2019on observe habituellement sans intervention de l\u2019homme.&nbsp;<br>Le poulain va \u00eatre \u00e9cart\u00e9 de sa m\u00e8re, de fa\u00e7on&nbsp;souvent brutale,&nbsp;mettant&nbsp;ainsi&nbsp;fin \u00e0 l\u2019allaitement,&nbsp;mais&nbsp;rompant&nbsp;aussi&nbsp;par ailleurs&nbsp;le lien fort qu\u2019il existe entre eux.&nbsp;<br>Le sevrage artificiel pr\u00e9coce n\u2019induit donc pas seulement des modifications alimentaires, mais \u00e9galement une <strong>s\u00e9paration sociale.&nbsp;<br><\/strong>Ces pratiques vont&nbsp;\u00eatre particuli\u00e8rement <strong>stressantes<\/strong>&nbsp;pour le poulain, avec \u00e0 court terme :&nbsp;<\/p>\n\n\n\n<ul class=\"wp-block-list\"><li><span style=\"text-decoration:underline;\">Stress comportemental<\/span>&nbsp;: augmentation des vocalises, de la locomotion active, des comportements d\u2019\u00e9limination, un budget temps perturb\u00e9,&nbsp;une agressivit\u00e9 sup\u00e9rieure, une suspension du jeu, des comportements de succion dirig\u00e9s vers les cong\u00e9n\u00e8res pour tenter de palier \u00e0 la frustration. <br>Certains&nbsp;de ces&nbsp;comportements&nbsp;vont&nbsp;augmenter&nbsp;le risque de blessure.&nbsp;<\/li><\/ul>\n\n\n\n<ul class=\"wp-block-list\"><li><span style=\"text-decoration:underline;\">Stress physiologique<\/span>&nbsp;: augmentation des glucocortico\u00efdes (hormones de stress),&nbsp;modifications&nbsp;du rythme cardiaque et stagnation de la croissance.&nbsp;Il&nbsp;pourrait en&nbsp;d\u00e9couler&nbsp;une diminution de la r\u00e9ponse&nbsp;immunitaire. Une plus grande fragilit\u00e9 du microbiote a \u00e9galement \u00e9t\u00e9 montr\u00e9e&nbsp;sous l\u2019action des hormones de stress.&nbsp;<\/li><\/ul>\n\n\n\n<p>Ces modifications sont g\u00e9n\u00e9ralement <strong>intenses<\/strong> les premiers jours qui suivent la s\u00e9paration puis s\u2019amenuisent au fil du temps, jusqu\u2019\u00e0 <strong>dispara\u00eetre au bout de<\/strong> <strong>2-3 semaines<\/strong>.&nbsp;<\/p>\n\n\n\n<p>Une \u00e9tude&nbsp;a \u00e9galement pu montrer que les jeunes sevr\u00e9s de fa\u00e7on pr\u00e9coce (4-6 mois)&nbsp;pr\u00e9sentaient davantage de <strong>comportements st\u00e9r\u00e9otyp\u00e9s<\/strong>&nbsp;(tic \u00e0 l\u2019appui, ingestion de bois et st\u00e9r\u00e9otypies locomotrices).&nbsp;<\/p>\n\n\n\n<p>D\u2019autres effets&nbsp;\u00e0 plus long terme&nbsp;sur les <strong>capacit\u00e9s&nbsp;d\u2019apprentissage<\/strong>&nbsp;et la <strong>fertilit\u00e9<\/strong> notamment restent \u00e0 investiguer.&nbsp;<\/p>\n\n\n\n<h3 class=\"has-blue-color has-text-color wp-block-heading\"><strong>D\u2019o\u00f9 vient cette&nbsp;pratique ?&nbsp;<\/strong><\/h3>\n\n\n\n<p>Bien que son origine demeure incertaine, il semblerait que le&nbsp;sevrage pr\u00e9coce&nbsp;soit&nbsp;r\u00e9alis\u00e9 \u00e0 la fois pour des raisons pratiques&nbsp;et&nbsp;\u00e9conomiques.&nbsp;<\/p>\n\n\n\n<p>Dans la seconde moiti\u00e9 du&nbsp;19e si\u00e8cle il a \u00e9t\u00e9 montr\u00e9&nbsp;d\u2019une part,&nbsp;que la&nbsp;production de lait&nbsp;de la jument diminuait&nbsp;fortement&nbsp;aux alentours du 3e mois&nbsp;et, d\u2019autre part, que les besoins \u00e9nerg\u00e9tiques du poulain \u00e0 cet&nbsp;\u00e2ge d\u00e9passaient&nbsp;les apports fournis par le lait maternel.&nbsp;Dans cette perspective un&nbsp;sevrage pr\u00e9coce aurait donc pu \u00eatre consid\u00e9r\u00e9 comme le meilleur compromis pour maximiser le d\u00e9veloppement physique des poulains.&nbsp;&nbsp;<\/p>\n\n\n\n<p>Cette pratique permettrait&nbsp;\u00e9galement de vendre le poulain plus t\u00f4t, d\u2019orienter&nbsp;son attention vers l\u2019homme \u00e0 la place de sa m\u00e8re, de faciliter la gestion de son alimentation en \u00e9vitant l\u2019interf\u00e9rence&nbsp;de la m\u00e8re et peut-\u00eatre aussi d\u2019optimiser le potentiel reproducteur de la jument en limitant l\u2019impact potentiellement n\u00e9gatif de soins&nbsp;maternels&nbsp;prolong\u00e9s.&nbsp;<\/p>\n\n\n\n<p>Plusieurs de ces raisons sont davantage bas\u00e9es sur des coutumes et des habitudes,&nbsp;voire m\u00eame pour certaines&nbsp;sur des fausses croyances. De nouvelles connaissances sur ce sujet&nbsp;remettent en question ces pratiques&nbsp;pour le&nbsp;bien-\u00eatre du poulain&nbsp;et de sa m\u00e8re.&nbsp;<\/p>\n\n\n\n<h3 class=\"has-blue-color has-text-color wp-block-heading\"><strong>Ce que nous apprend cette \u00e9tude<\/strong>&nbsp;<\/h3>\n\n\n\n<p>Cette \u00e9tude a \u00e9t\u00e9 men\u00e9e sur 16 dyades m\u00e8re-poulain \u00e9lev\u00e9s en conditions semi-naturelles en Islande. Des observations journali\u00e8res durant 6 mois ont permis de&nbsp;montrer un sevrage aux alentours de <strong>9&nbsp;mois<\/strong>. Les poulains ne t\u00e9taient plus mais la <strong>relation privil\u00e9gi\u00e9e<\/strong> avec la m\u00e8re \u00e9tait <strong>conserv\u00e9e<\/strong>, leur <strong>budget temps<\/strong>&nbsp;n\u2019\u00e9tait que <strong>peu affect\u00e9<\/strong> et <strong>aucun comportement <\/strong>de<strong> stress <\/strong>ou de<strong> frustration<\/strong> n\u2019a pu \u00eatre relev\u00e9.&nbsp;<\/p>\n\n\n\n<p>On peut alors se demander si le stress g\u00e9n\u00e9r\u00e9 par un sevrage pr\u00e9coce est davantage li\u00e9 au sevrage alimentaire ou physique. Il a \u00e9t\u00e9 montr\u00e9 dans une autre \u00e9tude&nbsp;que le sevrage alimentaire seul (par positionnement d\u2019un&nbsp;cache sur les mamelles) n\u2019induisait pas de stress comportemental chez le poulain. On ne pouvait pas en dire autant pour le groupe qui a \u00e9t\u00e9 confront\u00e9&nbsp;\u00e0&nbsp;une s\u00e9paration physique avec la m\u00e8re. Des comportements de stress assez marqu\u00e9s sont alors apparus. Ce serait donc la <strong>rupture du lien social <\/strong>avec la m\u00e8re, \u00e0 un \u00e2ge pr\u00e9coce qui serait<strong> le plus stressant<\/strong> pour le poulain.&nbsp;<\/p>\n\n\n\n<h3 class=\"has-blue-color has-text-color wp-block-heading\"><strong>Conclusion&nbsp;<\/strong><\/h3>\n\n\n\n<p>Dans la nature le sevrage semble&nbsp;se faire de fa\u00e7on <strong>progressive<\/strong>, sur plusieurs mois, par une augmentation de la distance m\u00e8re-poulain, une diminution de la fr\u00e9quence de t\u00e9t\u00e9e associ\u00e9e \u00e0 une diversification de l\u2019alimentation et un \u00e9largissement du cercle social. Il survient g\u00e9n\u00e9ralement entre <strong>9 et 11 mois<\/strong>, <strong>sans stress<\/strong>, et le poulain joue un <strong>r\u00f4le actif<\/strong> dans la s\u00e9paration.&nbsp;<\/p>\n\n\n\n<p>La science nous permet aujourd\u2019hui de remettre en question&nbsp;le sevrage pr\u00e9coce couramment pratiqu\u00e9. Laisser&nbsp;davantage&nbsp;les poulains avec leur m\u00e8re, dans la mesure du possible, et leur laisser prendre leur ind\u00e9pendance de fa\u00e7on progressive, permettrait d\u2019\u00e9viter le stress important li\u00e9 au sevrage, et les probl\u00e8mes de comportement et blessures \u00e9ventuelles qui peuvent y \u00eatre associ\u00e9s.&nbsp;<\/p>\n\n\n\n<h3 class=\"has-blue-color has-text-color wp-block-heading\"><strong>R\u00e9f\u00e9rence<\/strong><\/h3>\n\n\n\n<p style=\"font-size:14px\">Henry, S.,&nbsp;Sigurj\u00f3nsd\u00f3ttir, H.,&nbsp;Klapper, A., Joubert, J., Montier, G., &amp;&nbsp;Hausberger, M. (2020). Domestic&nbsp;Foal&nbsp;Weaning: Need for Re-Thinking&nbsp;Breeding&nbsp;Practices?.&nbsp;<em>Animals<\/em>,&nbsp;<em>10<\/em>(2), 361.&nbsp;<\/p>\n\n\n\n\n","protected":false},"excerpt":{"rendered":"<p>Le sevrage artificiel pr\u00e9coce est un \u00e9v\u00e9nement particuli\u00e8rement stressant pour le poulain, qui peut influencer son d\u00e9veloppement futur.<br \/>\nUne r\u00e9cente \u00e9tude men\u00e9e sur des chevaux islandais \u00e9lev\u00e9s en conditions semi-naturelles remet en cause cette pratique.<br \/>\nPenchons-nous sur le sujet \ud83e\uddd0<\/p>\n","protected":false},"author":2,"featured_media":312,"comment_status":"closed","ping_status":"closed","sticky":false,"template":"","format":"standard","meta":{"_jetpack_memberships_contains_paid_content":false,"footnotes":""},"categories":[5],"tags":[2],"class_list":["post-192","post","type-post","status-publish","format-standard","has-post-thumbnail","hentry","category-social","tag-featured","without-featured-image"],"yoast_head":"<!-- This site is optimized with the Yoast SEO plugin v24.8.1 - https:\/\/yoast.com\/wordpress\/plugins\/seo\/ -->\n<title>Sevrage : vers une reconsid\u00e9ration des pratiques ? - Ethologie equine<\/title>\n<meta name=\"description\" content=\"Particulier ou professionnel, propri\u00e9taire ou passionn\u00e9, vous souhaitez en apprendre plus sur le comportement du cheval ? Alors vous \u00eates au bon endroit !\" \/>\n<meta name=\"robots\" content=\"index, follow, max-snippet:-1, max-image-preview:large, max-video-preview:-1\" \/>\n<link rel=\"canonical\" href=\"https:\/\/ethologie-equine.fr\/index.php\/2020\/05\/05\/sevrage-precoce\/\" \/>\n<meta property=\"og:locale\" content=\"fr_FR\" \/>\n<meta property=\"og:type\" content=\"article\" \/>\n<meta property=\"og:title\" content=\"Sevrage : vers une reconsid\u00e9ration des pratiques ?\" \/>\n<meta property=\"og:description\" content=\"Particulier ou professionnel, propri\u00e9taire ou passionn\u00e9, vous souhaitez en apprendre plus sur le comportement du cheval ? Alors vous \u00eates au bon endroit !\" \/>\n<meta property=\"og:url\" content=\"https:\/\/ethologie-equine.fr\/index.php\/2020\/05\/05\/sevrage-precoce\/\" \/>\n<meta property=\"og:site_name\" content=\"Ethologie equine\" \/>\n<meta property=\"article:published_time\" content=\"2020-05-05T09:18:31+00:00\" \/>\n<meta property=\"article:modified_time\" content=\"2020-05-12T09:51:13+00:00\" \/>\n<meta property=\"og:image\" content=\"https:\/\/ethologie-equine.fr\/wp-content\/uploads\/2020\/05\/horse-1268801_1920-1.jpg\" \/>\n\t<meta property=\"og:image:width\" content=\"1920\" \/>\n\t<meta property=\"og:image:height\" content=\"1277\" \/>\n\t<meta property=\"og:image:type\" content=\"image\/jpeg\" \/>\n<meta name=\"author\" content=\"No\u00e9mie Roynette\" \/>\n<meta name=\"twitter:card\" content=\"summary_large_image\" \/>\n<meta name=\"twitter:label1\" content=\"\u00c9crit par\" \/>\n\t<meta name=\"twitter:data1\" content=\"No\u00e9mie Roynette\" \/>\n\t<meta name=\"twitter:label2\" content=\"Dur\u00e9e de lecture estim\u00e9e\" \/>\n\t<meta name=\"twitter:data2\" content=\"5 minutes\" \/>\n<script type=\"application\/ld+json\" class=\"yoast-schema-graph\">{\"@context\":\"https:\/\/schema.org\",\"@graph\":[{\"@type\":\"Article\",\"@id\":\"https:\/\/ethologie-equine.fr\/index.php\/2020\/05\/05\/sevrage-precoce\/#article\",\"isPartOf\":{\"@id\":\"https:\/\/ethologie-equine.fr\/index.php\/2020\/05\/05\/sevrage-precoce\/\"},\"author\":{\"name\":\"No\u00e9mie Roynette\",\"@id\":\"https:\/\/ethologie-equine.fr\/#\/schema\/person\/8a5eec4b6bece9fc689bb00388259560\"},\"headline\":\"Sevrage : vers une reconsid\u00e9ration des pratiques ?\",\"datePublished\":\"2020-05-05T09:18:31+00:00\",\"dateModified\":\"2020-05-12T09:51:13+00:00\",\"mainEntityOfPage\":{\"@id\":\"https:\/\/ethologie-equine.fr\/index.php\/2020\/05\/05\/sevrage-precoce\/\"},\"wordCount\":1016,\"publisher\":{\"@id\":\"https:\/\/ethologie-equine.fr\/#organization\"},\"image\":{\"@id\":\"https:\/\/ethologie-equine.fr\/index.php\/2020\/05\/05\/sevrage-precoce\/#primaryimage\"},\"thumbnailUrl\":\"https:\/\/i0.wp.com\/ethologie-equine.fr\/wp-content\/uploads\/2020\/05\/horse-1268801_1920.jpg?fit=1920%2C1277&ssl=1\",\"keywords\":[\"featured\"],\"articleSection\":[\"D\u00e9veloppement\"],\"inLanguage\":\"fr-FR\"},{\"@type\":\"WebPage\",\"@id\":\"https:\/\/ethologie-equine.fr\/index.php\/2020\/05\/05\/sevrage-precoce\/\",\"url\":\"https:\/\/ethologie-equine.fr\/index.php\/2020\/05\/05\/sevrage-precoce\/\",\"name\":\"Sevrage : vers une reconsid\u00e9ration des pratiques ? - Ethologie equine\",\"isPartOf\":{\"@id\":\"https:\/\/ethologie-equine.fr\/#website\"},\"primaryImageOfPage\":{\"@id\":\"https:\/\/ethologie-equine.fr\/index.php\/2020\/05\/05\/sevrage-precoce\/#primaryimage\"},\"image\":{\"@id\":\"https:\/\/ethologie-equine.fr\/index.php\/2020\/05\/05\/sevrage-precoce\/#primaryimage\"},\"thumbnailUrl\":\"https:\/\/i0.wp.com\/ethologie-equine.fr\/wp-content\/uploads\/2020\/05\/horse-1268801_1920.jpg?fit=1920%2C1277&ssl=1\",\"datePublished\":\"2020-05-05T09:18:31+00:00\",\"dateModified\":\"2020-05-12T09:51:13+00:00\",\"description\":\"Particulier ou professionnel, propri\u00e9taire ou passionn\u00e9, vous souhaitez en apprendre plus sur le comportement du cheval ? Alors vous \u00eates au bon endroit !\",\"breadcrumb\":{\"@id\":\"https:\/\/ethologie-equine.fr\/index.php\/2020\/05\/05\/sevrage-precoce\/#breadcrumb\"},\"inLanguage\":\"fr-FR\",\"potentialAction\":[{\"@type\":\"ReadAction\",\"target\":[\"https:\/\/ethologie-equine.fr\/index.php\/2020\/05\/05\/sevrage-precoce\/\"]}]},{\"@type\":\"ImageObject\",\"inLanguage\":\"fr-FR\",\"@id\":\"https:\/\/ethologie-equine.fr\/index.php\/2020\/05\/05\/sevrage-precoce\/#primaryimage\",\"url\":\"https:\/\/i0.wp.com\/ethologie-equine.fr\/wp-content\/uploads\/2020\/05\/horse-1268801_1920.jpg?fit=1920%2C1277&ssl=1\",\"contentUrl\":\"https:\/\/i0.wp.com\/ethologie-equine.fr\/wp-content\/uploads\/2020\/05\/horse-1268801_1920.jpg?fit=1920%2C1277&ssl=1\",\"width\":1920,\"height\":1277},{\"@type\":\"BreadcrumbList\",\"@id\":\"https:\/\/ethologie-equine.fr\/index.php\/2020\/05\/05\/sevrage-precoce\/#breadcrumb\",\"itemListElement\":[{\"@type\":\"ListItem\",\"position\":1,\"name\":\"Accueil\",\"item\":\"https:\/\/ethologie-equine.fr\/\"},{\"@type\":\"ListItem\",\"position\":2,\"name\":\"Sevrage : vers une reconsid\u00e9ration des pratiques ?\"}]},{\"@type\":\"WebSite\",\"@id\":\"https:\/\/ethologie-equine.fr\/#website\",\"url\":\"https:\/\/ethologie-equine.fr\/\",\"name\":\"Ethologie equine\",\"description\":\"la science au service du cheval\",\"publisher\":{\"@id\":\"https:\/\/ethologie-equine.fr\/#organization\"},\"potentialAction\":[{\"@type\":\"SearchAction\",\"target\":{\"@type\":\"EntryPoint\",\"urlTemplate\":\"https:\/\/ethologie-equine.fr\/?s={search_term_string}\"},\"query-input\":{\"@type\":\"PropertyValueSpecification\",\"valueRequired\":true,\"valueName\":\"search_term_string\"}}],\"inLanguage\":\"fr-FR\"},{\"@type\":\"Organization\",\"@id\":\"https:\/\/ethologie-equine.fr\/#organization\",\"name\":\"Ethologie equine\",\"url\":\"https:\/\/ethologie-equine.fr\/\",\"logo\":{\"@type\":\"ImageObject\",\"inLanguage\":\"fr-FR\",\"@id\":\"https:\/\/ethologie-equine.fr\/#\/schema\/logo\/image\/\",\"url\":\"https:\/\/i0.wp.com\/ethologie-equine.fr\/wp-content\/uploads\/2021\/10\/Logo-EE-site-800x900-1.png?fit=900%2C801&ssl=1\",\"contentUrl\":\"https:\/\/i0.wp.com\/ethologie-equine.fr\/wp-content\/uploads\/2021\/10\/Logo-EE-site-800x900-1.png?fit=900%2C801&ssl=1\",\"width\":900,\"height\":801,\"caption\":\"Ethologie equine\"},\"image\":{\"@id\":\"https:\/\/ethologie-equine.fr\/#\/schema\/logo\/image\/\"}},{\"@type\":\"Person\",\"@id\":\"https:\/\/ethologie-equine.fr\/#\/schema\/person\/8a5eec4b6bece9fc689bb00388259560\",\"name\":\"No\u00e9mie Roynette\",\"image\":{\"@type\":\"ImageObject\",\"inLanguage\":\"fr-FR\",\"@id\":\"https:\/\/ethologie-equine.fr\/#\/schema\/person\/image\/\",\"url\":\"https:\/\/secure.gravatar.com\/avatar\/b0883152236d5c6944958c73c42ece80d6a008eb9cc447d128617673b0f58fce?s=96&d=mm&r=g\",\"contentUrl\":\"https:\/\/secure.gravatar.com\/avatar\/b0883152236d5c6944958c73c42ece80d6a008eb9cc447d128617673b0f58fce?s=96&d=mm&r=g\",\"caption\":\"No\u00e9mie Roynette\"},\"url\":\"https:\/\/ethologie-equine.fr\/index.php\/author\/noemieroynette\/\"}]}<\/script>\n<!-- \/ Yoast SEO plugin. -->","yoast_head_json":{"title":"Sevrage : vers une reconsid\u00e9ration des pratiques ? - Ethologie equine","description":"Particulier ou professionnel, propri\u00e9taire ou passionn\u00e9, vous souhaitez en apprendre plus sur le comportement du cheval ? Alors vous \u00eates au bon endroit !","robots":{"index":"index","follow":"follow","max-snippet":"max-snippet:-1","max-image-preview":"max-image-preview:large","max-video-preview":"max-video-preview:-1"},"canonical":"https:\/\/ethologie-equine.fr\/index.php\/2020\/05\/05\/sevrage-precoce\/","og_locale":"fr_FR","og_type":"article","og_title":"Sevrage : vers une reconsid\u00e9ration des pratiques ?","og_description":"Particulier ou professionnel, propri\u00e9taire ou passionn\u00e9, vous souhaitez en apprendre plus sur le comportement du cheval ? Alors vous \u00eates au bon endroit !","og_url":"https:\/\/ethologie-equine.fr\/index.php\/2020\/05\/05\/sevrage-precoce\/","og_site_name":"Ethologie equine","article_published_time":"2020-05-05T09:18:31+00:00","article_modified_time":"2020-05-12T09:51:13+00:00","og_image":[{"width":1920,"height":1277,"url":"https:\/\/ethologie-equine.fr\/wp-content\/uploads\/2020\/05\/horse-1268801_1920-1.jpg","type":"image\/jpeg"}],"author":"No\u00e9mie Roynette","twitter_card":"summary_large_image","twitter_misc":{"\u00c9crit par":"No\u00e9mie Roynette","Dur\u00e9e de lecture estim\u00e9e":"5 minutes"},"schema":{"@context":"https:\/\/schema.org","@graph":[{"@type":"Article","@id":"https:\/\/ethologie-equine.fr\/index.php\/2020\/05\/05\/sevrage-precoce\/#article","isPartOf":{"@id":"https:\/\/ethologie-equine.fr\/index.php\/2020\/05\/05\/sevrage-precoce\/"},"author":{"name":"No\u00e9mie Roynette","@id":"https:\/\/ethologie-equine.fr\/#\/schema\/person\/8a5eec4b6bece9fc689bb00388259560"},"headline":"Sevrage : vers une reconsid\u00e9ration des pratiques ?","datePublished":"2020-05-05T09:18:31+00:00","dateModified":"2020-05-12T09:51:13+00:00","mainEntityOfPage":{"@id":"https:\/\/ethologie-equine.fr\/index.php\/2020\/05\/05\/sevrage-precoce\/"},"wordCount":1016,"publisher":{"@id":"https:\/\/ethologie-equine.fr\/#organization"},"image":{"@id":"https:\/\/ethologie-equine.fr\/index.php\/2020\/05\/05\/sevrage-precoce\/#primaryimage"},"thumbnailUrl":"https:\/\/i0.wp.com\/ethologie-equine.fr\/wp-content\/uploads\/2020\/05\/horse-1268801_1920.jpg?fit=1920%2C1277&ssl=1","keywords":["featured"],"articleSection":["D\u00e9veloppement"],"inLanguage":"fr-FR"},{"@type":"WebPage","@id":"https:\/\/ethologie-equine.fr\/index.php\/2020\/05\/05\/sevrage-precoce\/","url":"https:\/\/ethologie-equine.fr\/index.php\/2020\/05\/05\/sevrage-precoce\/","name":"Sevrage : vers une reconsid\u00e9ration des pratiques ? - Ethologie equine","isPartOf":{"@id":"https:\/\/ethologie-equine.fr\/#website"},"primaryImageOfPage":{"@id":"https:\/\/ethologie-equine.fr\/index.php\/2020\/05\/05\/sevrage-precoce\/#primaryimage"},"image":{"@id":"https:\/\/ethologie-equine.fr\/index.php\/2020\/05\/05\/sevrage-precoce\/#primaryimage"},"thumbnailUrl":"https:\/\/i0.wp.com\/ethologie-equine.fr\/wp-content\/uploads\/2020\/05\/horse-1268801_1920.jpg?fit=1920%2C1277&ssl=1","datePublished":"2020-05-05T09:18:31+00:00","dateModified":"2020-05-12T09:51:13+00:00","description":"Particulier ou professionnel, propri\u00e9taire ou passionn\u00e9, vous souhaitez en apprendre plus sur le comportement du cheval ? Alors vous \u00eates au bon endroit !","breadcrumb":{"@id":"https:\/\/ethologie-equine.fr\/index.php\/2020\/05\/05\/sevrage-precoce\/#breadcrumb"},"inLanguage":"fr-FR","potentialAction":[{"@type":"ReadAction","target":["https:\/\/ethologie-equine.fr\/index.php\/2020\/05\/05\/sevrage-precoce\/"]}]},{"@type":"ImageObject","inLanguage":"fr-FR","@id":"https:\/\/ethologie-equine.fr\/index.php\/2020\/05\/05\/sevrage-precoce\/#primaryimage","url":"https:\/\/i0.wp.com\/ethologie-equine.fr\/wp-content\/uploads\/2020\/05\/horse-1268801_1920.jpg?fit=1920%2C1277&ssl=1","contentUrl":"https:\/\/i0.wp.com\/ethologie-equine.fr\/wp-content\/uploads\/2020\/05\/horse-1268801_1920.jpg?fit=1920%2C1277&ssl=1","width":1920,"height":1277},{"@type":"BreadcrumbList","@id":"https:\/\/ethologie-equine.fr\/index.php\/2020\/05\/05\/sevrage-precoce\/#breadcrumb","itemListElement":[{"@type":"ListItem","position":1,"name":"Accueil","item":"https:\/\/ethologie-equine.fr\/"},{"@type":"ListItem","position":2,"name":"Sevrage : vers une reconsid\u00e9ration des pratiques ?"}]},{"@type":"WebSite","@id":"https:\/\/ethologie-equine.fr\/#website","url":"https:\/\/ethologie-equine.fr\/","name":"Ethologie equine","description":"la science au service du cheval","publisher":{"@id":"https:\/\/ethologie-equine.fr\/#organization"},"potentialAction":[{"@type":"SearchAction","target":{"@type":"EntryPoint","urlTemplate":"https:\/\/ethologie-equine.fr\/?s={search_term_string}"},"query-input":{"@type":"PropertyValueSpecification","valueRequired":true,"valueName":"search_term_string"}}],"inLanguage":"fr-FR"},{"@type":"Organization","@id":"https:\/\/ethologie-equine.fr\/#organization","name":"Ethologie equine","url":"https:\/\/ethologie-equine.fr\/","logo":{"@type":"ImageObject","inLanguage":"fr-FR","@id":"https:\/\/ethologie-equine.fr\/#\/schema\/logo\/image\/","url":"https:\/\/i0.wp.com\/ethologie-equine.fr\/wp-content\/uploads\/2021\/10\/Logo-EE-site-800x900-1.png?fit=900%2C801&ssl=1","contentUrl":"https:\/\/i0.wp.com\/ethologie-equine.fr\/wp-content\/uploads\/2021\/10\/Logo-EE-site-800x900-1.png?fit=900%2C801&ssl=1","width":900,"height":801,"caption":"Ethologie equine"},"image":{"@id":"https:\/\/ethologie-equine.fr\/#\/schema\/logo\/image\/"}},{"@type":"Person","@id":"https:\/\/ethologie-equine.fr\/#\/schema\/person\/8a5eec4b6bece9fc689bb00388259560","name":"No\u00e9mie Roynette","image":{"@type":"ImageObject","inLanguage":"fr-FR","@id":"https:\/\/ethologie-equine.fr\/#\/schema\/person\/image\/","url":"https:\/\/secure.gravatar.com\/avatar\/b0883152236d5c6944958c73c42ece80d6a008eb9cc447d128617673b0f58fce?s=96&d=mm&r=g","contentUrl":"https:\/\/secure.gravatar.com\/avatar\/b0883152236d5c6944958c73c42ece80d6a008eb9cc447d128617673b0f58fce?s=96&d=mm&r=g","caption":"No\u00e9mie Roynette"},"url":"https:\/\/ethologie-equine.fr\/index.php\/author\/noemieroynette\/"}]}},"jetpack_featured_media_url":"https:\/\/i0.wp.com\/ethologie-equine.fr\/wp-content\/uploads\/2020\/05\/horse-1268801_1920.jpg?fit=1920%2C1277&ssl=1","jetpack_sharing_enabled":false,"_links":{"self":[{"href":"https:\/\/ethologie-equine.fr\/index.php\/wp-json\/wp\/v2\/posts\/192","targetHints":{"allow":["GET"]}}],"collection":[{"href":"https:\/\/ethologie-equine.fr\/index.php\/wp-json\/wp\/v2\/posts"}],"about":[{"href":"https:\/\/ethologie-equine.fr\/index.php\/wp-json\/wp\/v2\/types\/post"}],"author":[{"embeddable":true,"href":"https:\/\/ethologie-equine.fr\/index.php\/wp-json\/wp\/v2\/users\/2"}],"replies":[{"embeddable":true,"href":"https:\/\/ethologie-equine.fr\/index.php\/wp-json\/wp\/v2\/comments?post=192"}],"version-history":[{"count":8,"href":"https:\/\/ethologie-equine.fr\/index.php\/wp-json\/wp\/v2\/posts\/192\/revisions"}],"predecessor-version":[{"id":317,"href":"https:\/\/ethologie-equine.fr\/index.php\/wp-json\/wp\/v2\/posts\/192\/revisions\/317"}],"wp:featuredmedia":[{"embeddable":true,"href":"https:\/\/ethologie-equine.fr\/index.php\/wp-json\/wp\/v2\/media\/312"}],"wp:attachment":[{"href":"https:\/\/ethologie-equine.fr\/index.php\/wp-json\/wp\/v2\/media?parent=192"}],"wp:term":[{"taxonomy":"category","embeddable":true,"href":"https:\/\/ethologie-equine.fr\/index.php\/wp-json\/wp\/v2\/categories?post=192"},{"taxonomy":"post_tag","embeddable":true,"href":"https:\/\/ethologie-equine.fr\/index.php\/wp-json\/wp\/v2\/tags?post=192"}],"curies":[{"name":"wp","href":"https:\/\/api.w.org\/{rel}","templated":true}]}}