{"id":1796,"date":"2022-03-08T21:34:56","date_gmt":"2022-03-08T20:34:56","guid":{"rendered":"https:\/\/ethologie-equine.fr\/?p=1796"},"modified":"2022-03-09T06:59:14","modified_gmt":"2022-03-09T05:59:14","slug":"chevaux-sauvages-mythe-ou-realite","status":"publish","type":"post","link":"https:\/\/ethologie-equine.fr\/index.php\/2022\/03\/08\/chevaux-sauvages-mythe-ou-realite\/","title":{"rendered":"Chevaux sauvages : mythe ou r\u00e9alit\u00e9 ?"},"content":{"rendered":"<p><span style=\"font-weight: 400;\">Pour r\u00e9pondre \u00e0 cette question il faut tout d\u2019abord d\u00e9finir ce que l\u2019on entend par <strong>sauvage<\/strong>.<\/span><\/p>\n<p><span style=\"font-weight: 400;\">Un animal sauvage est libre et ind\u00e9pendant. Il n\u2019a jamais subi de <strong>modifications<\/strong> de la part de l\u2019homme. Il est soumis aux lois de la <strong>s\u00e9lection naturelle<\/strong> dans son environnement.<\/span><\/p>\n<p>Au contraire, un animal domestique vit dans des conditions de captivit\u00e9 et est soumis \u00e0 des pratiques d&rsquo;\u00e9levage (contr\u00f4le de la reproduction, s\u00e9lection g\u00e9n\u00e9tique).<\/p>\n<p><span style=\"font-weight: 400;\">Avant d\u2019\u00eatre domestiqu\u00e9es, toutes les esp\u00e8ces \u00e9taient sauvages.<\/span><\/p>\n<p><span style=\"font-weight: 400;\">Certaines populations sont dites semi-sauvages, car elles n\u2019ont que des contacts occasionnels avec l\u2019homme, ou sont retourn\u00e9es \u00e0 l\u2019\u00e9tat sauvage apr\u00e8s avoir \u00e9t\u00e9 domestiqu\u00e9es. On parle alors de <strong>marronnage<\/strong>.<\/span><\/p>\n<p><span style=\"font-weight: 400;\">Un animal marron ou f\u00e9ral (autre terme utilis\u00e9) est retourn\u00e9 \u00e0 l\u2019\u00e9tat sauvage apr\u00e8s avoir \u00e9t\u00e9 abandonn\u00e9 ou apr\u00e8s s\u2019\u00eatre \u00e9chapp\u00e9.\u00a0<\/span><\/p>\n<p>&nbsp;<\/p>\n<h2>O\u00f9 observer des chevaux \u00ab\u00a0sauvages\u00a0\u00bb dans le monde ?<\/h2>\n<p><span style=\"font-weight: 400;\">Si les mustangs am\u00e9ricains sont sans doute les plus connus, nous avons \u00e9galement des chevaux vivant en semi-libert\u00e9 en France avec le cheval Camargue.<\/span><\/p>\n<p><span style=\"font-weight: 400;\">Dans le monde on peut aussi citer les chevaux de Namibie en Afrique ou encore les Brumbies en Australie, qui sont consid\u00e9r\u00e9s comme une esp\u00e8ce invasive<\/span><\/p>\n<figure id=\"attachment_1799\" aria-describedby=\"caption-attachment-1799\" style=\"width: 845px\" class=\"wp-caption aligncenter\"><img data-recalc-dims=\"1\" loading=\"lazy\" decoding=\"async\" class=\" wp-image-1799\" src=\"https:\/\/i0.wp.com\/ethologie-equine.fr\/wp-content\/uploads\/2022\/03\/carte-chevaux-ferraux.jpg?resize=825%2C327&#038;ssl=1\" alt=\"chevaux vivant \u00e0 l'\u00e9tat sauvage dans le monde\" width=\"825\" height=\"327\" srcset=\"https:\/\/i0.wp.com\/ethologie-equine.fr\/wp-content\/uploads\/2022\/03\/carte-chevaux-ferraux.jpg?resize=300%2C119&amp;ssl=1 300w, https:\/\/i0.wp.com\/ethologie-equine.fr\/wp-content\/uploads\/2022\/03\/carte-chevaux-ferraux.jpg?w=640&amp;ssl=1 640w\" sizes=\"auto, (max-width: 825px) 100vw, 825px\" \/><figcaption id=\"caption-attachment-1799\" class=\"wp-caption-text\">Chevaux vivant \u00e0 l&rsquo;\u00e9tat sauvage dans le monde d&rsquo;apr\u00e8s Naundrup &amp; Svenning (2015)<\/figcaption><\/figure>\n<p>&nbsp;<\/p>\n<h2>Zoom sur les chevaux de Przewalski<\/h2>\n<p><span style=\"font-weight: 400;\">On a longtemps pens\u00e9 que les chevaux de Przewalski \u00e9taient les derniers chevaux sauvages, mais une \u00e9tude publi\u00e9e en 2018 a montr\u00e9 qu\u2019ils descendent en fait des chevaux de Bota\u00ef, domestiqu\u00e9s il y a plus de 5000 ans.<\/span><\/p>\n<p><span style=\"font-weight: 400;\">Ces chevaux sont certes diff\u00e9rents de nos chevaux domestiques, dans leur physiologie et leur m\u0153urs, mais ils ne sont donc pas tout \u00e0 fait sauvages !<\/span><\/p>\n<figure id=\"attachment_1800\" aria-describedby=\"caption-attachment-1800\" style=\"width: 565px\" class=\"wp-caption aligncenter\"><img data-recalc-dims=\"1\" loading=\"lazy\" decoding=\"async\" class=\" wp-image-1800\" src=\"https:\/\/i0.wp.com\/ethologie-equine.fr\/wp-content\/uploads\/2022\/03\/20200911_153923_HDR.jpg?resize=565%2C394&#038;ssl=1\" alt=\"Chevaux de Przewalski \/ Association Takh\" width=\"565\" height=\"394\" srcset=\"https:\/\/i0.wp.com\/ethologie-equine.fr\/wp-content\/uploads\/2022\/03\/20200911_153923_HDR-scaled.jpg?resize=300%2C209&amp;ssl=1 300w, https:\/\/i0.wp.com\/ethologie-equine.fr\/wp-content\/uploads\/2022\/03\/20200911_153923_HDR-scaled.jpg?resize=1024%2C712&amp;ssl=1 1024w, https:\/\/i0.wp.com\/ethologie-equine.fr\/wp-content\/uploads\/2022\/03\/20200911_153923_HDR-scaled.jpg?resize=768%2C534&amp;ssl=1 768w, https:\/\/i0.wp.com\/ethologie-equine.fr\/wp-content\/uploads\/2022\/03\/20200911_153923_HDR-scaled.jpg?resize=1536%2C1068&amp;ssl=1 1536w, https:\/\/i0.wp.com\/ethologie-equine.fr\/wp-content\/uploads\/2022\/03\/20200911_153923_HDR-scaled.jpg?resize=2048%2C1424&amp;ssl=1 2048w, https:\/\/i0.wp.com\/ethologie-equine.fr\/wp-content\/uploads\/2022\/03\/20200911_153923_HDR-scaled.jpg?w=1650&amp;ssl=1 1650w, https:\/\/i0.wp.com\/ethologie-equine.fr\/wp-content\/uploads\/2022\/03\/20200911_153923_HDR-scaled.jpg?w=2475&amp;ssl=1 2475w\" sizes=\"auto, (max-width: 565px) 100vw, 565px\" \/><figcaption id=\"caption-attachment-1800\" class=\"wp-caption-text\">Chevaux de Przewalski \/ Association Takh<\/figcaption><\/figure>\n<p><span style=\"font-weight: 400;\"> Bien qu\u2019ils ne soient donc pas une esp\u00e8ce sauvage \u00e0 proprement parler, il s\u2019agit de la plus ancienne population de chevaux vivant \u00e0 l\u2019\u00e9tat sauvage et \u00e0 ce titre ils doivent \u00eatre prot\u00e9g\u00e9s.\u00a0<\/span><\/p>\n<p><span style=\"font-weight: 400;\">Les derniers Przewalski ont \u00e9t\u00e9 observ\u00e9s dans la nature en 1969. L\u2019esp\u00e8ce \u00e9tait alors consid\u00e9r\u00e9e comme \u00e9teinte et perp\u00e9tu\u00e9e seulement par des sp\u00e9cimens de zoo.\u00a0<\/span><\/p>\n<p><span style=\"font-weight: 400;\">Des r\u00e9serves animales \u0153uvrent pour la protection de cette esp\u00e8ce, class\u00e9e sur la liste rouge des esp\u00e8ces en danger d&rsquo;extinction. Parmi elles, l\u2019association Takh qui a d\u00e9velopp\u00e9 un grand projet de r\u00e9introduction de ces chevaux en Mongolie, leur pays natal.<\/span><\/p>\n<p><span style=\"font-weight: 400;\">C\u2019est sur un site de 400 hectares sur le Causse M\u00e9jean, avec des conditions environnementales proches de leurs steppes mongoles originelles que 11 chevaux issus de zoos de toute l\u2019Europe ont r\u00e9appris \u00e0 vivre en semi-libert\u00e9. Apr\u00e8s 4 g\u00e9n\u00e9rations, \u00e9lev\u00e9es sans intervention de l\u2019homme, 4 familles de chevaux ont pu \u00eatre r\u00e9introduites en 2004 et 2005 dans la r\u00e9gion de Khomyn Tal \u00e0 l\u2019ouest de la Mongolie dans une r\u00e9serve de 14 000 hectares, d\u00e9clar\u00e9e Parc National par le parlement Mongol depuis mai 2020.\u00a0<\/span><\/p>\n<p><span style=\"font-weight: 400;\">Le projet est un succ\u00e8s puisque qu\u2019aujourd\u2019hui ce sont pas moins d\u2019une centaine de chevaux qui foulent les terres Mongoles.\u00a0<\/span><\/p>\n<p><span style=\"font-weight: 400;\">Ce projet novateur a r\u00e9volutionn\u00e9 la fa\u00e7on d\u2019appr\u00e9hender l\u2019application de l\u2019\u00e9thologie \u00e0 la conservation d\u2019une esp\u00e8ce.<\/span><\/p>\n<p><span style=\"font-weight: 400;\">Le suivi \u00e0 la fois g\u00e9n\u00e9tique, sanitaire et comportemental de chaque individu permet de conna\u00eetre l\u2019histoire de chaque cheval et de chaque groupe.<\/span><\/p>\n<p><span style=\"font-weight: 400;\">La place centrale donn\u00e9e au comportement et aux affinit\u00e9s entre individus caract\u00e9rise la m\u00e9thodologie de \u201cr\u00e9introduction douce\u201d de Takh, et anime toute son approche scientifique.<\/span><\/p>\n<p><span style=\"font-weight: 400;\">Aujourd\u2019hui, l\u2019association continue de partager son exp\u00e9rience et ses connaissances pour continuer \u00e0 pr\u00e9server ce petit cheval \u201csauvage\u201d, en d\u00e9veloppant notamment des projets en partenariat avec des professionnels de tous les secteurs (recherche et enseignement, \u00e9cotourisme scientifique et rural, r\u00e9sidence d\u2019artistes, s\u00e9minaires professionnels, etc.) et propose toute l\u2019ann\u00e9e des activit\u00e9s d\u00e9di\u00e9es au grand public.<\/span><\/p>\n<p><span style=\"font-weight: 400;\">Pour plus d\u2019informations : <\/span><a href=\"https:\/\/www.takh.org\/fr\/\"><span style=\"font-weight: 400;\">https:\/\/www.takh.org\/fr\/<\/span><\/a><span style=\"font-weight: 400;\">\u00a0<\/span><\/p>\n<p><img data-recalc-dims=\"1\" loading=\"lazy\" decoding=\"async\" class=\"wp-image-1801 aligncenter\" src=\"https:\/\/i0.wp.com\/ethologie-equine.fr\/wp-content\/uploads\/2022\/03\/20200911_153529_HDR.jpg?resize=556%2C313&#038;ssl=1\" alt=\"\" width=\"556\" height=\"313\" srcset=\"https:\/\/i0.wp.com\/ethologie-equine.fr\/wp-content\/uploads\/2022\/03\/20200911_153529_HDR-scaled.jpg?resize=300%2C169&amp;ssl=1 300w, https:\/\/i0.wp.com\/ethologie-equine.fr\/wp-content\/uploads\/2022\/03\/20200911_153529_HDR-scaled.jpg?resize=1024%2C576&amp;ssl=1 1024w, https:\/\/i0.wp.com\/ethologie-equine.fr\/wp-content\/uploads\/2022\/03\/20200911_153529_HDR-scaled.jpg?resize=768%2C432&amp;ssl=1 768w, https:\/\/i0.wp.com\/ethologie-equine.fr\/wp-content\/uploads\/2022\/03\/20200911_153529_HDR-scaled.jpg?resize=1536%2C864&amp;ssl=1 1536w, https:\/\/i0.wp.com\/ethologie-equine.fr\/wp-content\/uploads\/2022\/03\/20200911_153529_HDR-scaled.jpg?resize=2048%2C1152&amp;ssl=1 2048w, https:\/\/i0.wp.com\/ethologie-equine.fr\/wp-content\/uploads\/2022\/03\/20200911_153529_HDR-scaled.jpg?w=1650&amp;ssl=1 1650w, https:\/\/i0.wp.com\/ethologie-equine.fr\/wp-content\/uploads\/2022\/03\/20200911_153529_HDR-scaled.jpg?w=2475&amp;ssl=1 2475w\" sizes=\"auto, (max-width: 556px) 100vw, 556px\" \/><\/p>\n<h5><\/h5>\n<h5>R\u00e9f\u00e9rences<\/h5>\n<h6><span style=\"font-weight: 400;\">Gaunitz, C., Fages, A., Hangh\u00f8j, K., Albrechtsen, A., Khan, N., Schubert, M., &#8230; &amp; Orlando, L. (2018). Ancient genomes revisit the ancestry of domestic and Przewalski\u2019s horses. <\/span><i><span style=\"font-weight: 400;\">Science<\/span><\/i><span style=\"font-weight: 400;\">, <\/span><i><span style=\"font-weight: 400;\">360<\/span><\/i><span style=\"font-weight: 400;\">(6384), 111-114.<\/span><\/h6>\n<h6><span style=\"font-weight: 400;\">Naundrup, P. J., &amp; Svenning, J. C. (2015). A geographic assessment of the global scope for rewilding with wild-living horses (Equus ferus). <\/span><i><span style=\"font-weight: 400;\">PloS one<\/span><\/i><span style=\"font-weight: 400;\">, <\/span><i><span style=\"font-weight: 400;\">10<\/span><\/i><span style=\"font-weight: 400;\">(7), e0132359.<\/span><\/h6>\n","protected":false},"excerpt":{"rendered":"<p>Pour r\u00e9pondre \u00e0 cette question il faut tout d\u2019abord d\u00e9finir ce que l\u2019on entend par sauvage. Un animal sauvage est libre et ind\u00e9pendant. Il n\u2019a jamais subi de modifications de la part de l\u2019homme. Il est soumis aux lois de la s\u00e9lection naturelle dans son environnement. Au contraire, un animal domestique vit dans des conditions&hellip; <a href=\"https:\/\/ethologie-equine.fr\/index.php\/2022\/03\/08\/chevaux-sauvages-mythe-ou-realite\/\" class=\"more-link\">Lire la suite <span class=\"screen-reader-text\">Chevaux sauvages : mythe ou r\u00e9alit\u00e9 ?<\/span><\/a><\/p>\n","protected":false},"author":1,"featured_media":1800,"comment_status":"closed","ping_status":"open","sticky":false,"template":"","format":"standard","meta":{"_jetpack_memberships_contains_paid_content":false,"footnotes":""},"categories":[1],"tags":[2],"class_list":["post-1796","post","type-post","status-publish","format-standard","has-post-thumbnail","hentry","category-non-classe","tag-featured","without-featured-image"],"yoast_head":"<!-- This site is optimized with the Yoast SEO plugin v24.8.1 - https:\/\/yoast.com\/wordpress\/plugins\/seo\/ -->\n<title>Chevaux sauvages : mythe ou r\u00e9alit\u00e9 ? - Ethologie equine<\/title>\n<meta name=\"description\" content=\"Pour r\u00e9pondre \u00e0 cette question il faut tout d\u2019abord d\u00e9finir ce que l\u2019on entend par sauvage.\" \/>\n<meta name=\"robots\" content=\"index, follow, max-snippet:-1, max-image-preview:large, max-video-preview:-1\" \/>\n<link rel=\"canonical\" href=\"https:\/\/ethologie-equine.fr\/index.php\/2022\/03\/08\/chevaux-sauvages-mythe-ou-realite\/\" \/>\n<meta property=\"og:locale\" content=\"fr_FR\" \/>\n<meta property=\"og:type\" content=\"article\" \/>\n<meta property=\"og:title\" content=\"Chevaux sauvages : mythe ou r\u00e9alit\u00e9 ? - Ethologie equine\" \/>\n<meta property=\"og:description\" content=\"Pour r\u00e9pondre \u00e0 cette question il faut tout d\u2019abord d\u00e9finir ce que l\u2019on entend par sauvage.\" \/>\n<meta property=\"og:url\" content=\"https:\/\/ethologie-equine.fr\/index.php\/2022\/03\/08\/chevaux-sauvages-mythe-ou-realite\/\" \/>\n<meta property=\"og:site_name\" content=\"Ethologie equine\" \/>\n<meta property=\"article:published_time\" content=\"2022-03-08T20:34:56+00:00\" \/>\n<meta property=\"article:modified_time\" content=\"2022-03-09T05:59:14+00:00\" \/>\n<meta property=\"og:image\" content=\"https:\/\/ethologie-equine.fr\/wp-content\/uploads\/2022\/03\/20200911_153923_HDR-scaled.jpg\" \/>\n\t<meta property=\"og:image:width\" content=\"2560\" \/>\n\t<meta property=\"og:image:height\" content=\"1781\" \/>\n\t<meta property=\"og:image:type\" content=\"image\/jpeg\" \/>\n<meta name=\"author\" content=\"No\u00e9mie Roynette\" \/>\n<meta name=\"twitter:card\" content=\"summary_large_image\" \/>\n<meta name=\"twitter:label1\" content=\"\u00c9crit par\" \/>\n\t<meta name=\"twitter:data1\" content=\"No\u00e9mie Roynette\" \/>\n\t<meta name=\"twitter:label2\" content=\"Dur\u00e9e de lecture estim\u00e9e\" \/>\n\t<meta name=\"twitter:data2\" content=\"5 minutes\" \/>\n<script type=\"application\/ld+json\" class=\"yoast-schema-graph\">{\"@context\":\"https:\/\/schema.org\",\"@graph\":[{\"@type\":\"Article\",\"@id\":\"https:\/\/ethologie-equine.fr\/index.php\/2022\/03\/08\/chevaux-sauvages-mythe-ou-realite\/#article\",\"isPartOf\":{\"@id\":\"https:\/\/ethologie-equine.fr\/index.php\/2022\/03\/08\/chevaux-sauvages-mythe-ou-realite\/\"},\"author\":{\"name\":\"No\u00e9mie Roynette\",\"@id\":\"https:\/\/ethologie-equine.fr\/#\/schema\/person\/dbfe3e35b9e30ce09652e26d2409f511\"},\"headline\":\"Chevaux sauvages : mythe ou r\u00e9alit\u00e9 ?\",\"datePublished\":\"2022-03-08T20:34:56+00:00\",\"dateModified\":\"2022-03-09T05:59:14+00:00\",\"mainEntityOfPage\":{\"@id\":\"https:\/\/ethologie-equine.fr\/index.php\/2022\/03\/08\/chevaux-sauvages-mythe-ou-realite\/\"},\"wordCount\":763,\"publisher\":{\"@id\":\"https:\/\/ethologie-equine.fr\/#organization\"},\"image\":{\"@id\":\"https:\/\/ethologie-equine.fr\/index.php\/2022\/03\/08\/chevaux-sauvages-mythe-ou-realite\/#primaryimage\"},\"thumbnailUrl\":\"https:\/\/i0.wp.com\/ethologie-equine.fr\/wp-content\/uploads\/2022\/03\/20200911_153923_HDR-scaled.jpg?fit=2560%2C1781&ssl=1\",\"keywords\":[\"featured\"],\"inLanguage\":\"fr-FR\"},{\"@type\":\"WebPage\",\"@id\":\"https:\/\/ethologie-equine.fr\/index.php\/2022\/03\/08\/chevaux-sauvages-mythe-ou-realite\/\",\"url\":\"https:\/\/ethologie-equine.fr\/index.php\/2022\/03\/08\/chevaux-sauvages-mythe-ou-realite\/\",\"name\":\"Chevaux sauvages : mythe ou r\u00e9alit\u00e9 ? - Ethologie equine\",\"isPartOf\":{\"@id\":\"https:\/\/ethologie-equine.fr\/#website\"},\"primaryImageOfPage\":{\"@id\":\"https:\/\/ethologie-equine.fr\/index.php\/2022\/03\/08\/chevaux-sauvages-mythe-ou-realite\/#primaryimage\"},\"image\":{\"@id\":\"https:\/\/ethologie-equine.fr\/index.php\/2022\/03\/08\/chevaux-sauvages-mythe-ou-realite\/#primaryimage\"},\"thumbnailUrl\":\"https:\/\/i0.wp.com\/ethologie-equine.fr\/wp-content\/uploads\/2022\/03\/20200911_153923_HDR-scaled.jpg?fit=2560%2C1781&ssl=1\",\"datePublished\":\"2022-03-08T20:34:56+00:00\",\"dateModified\":\"2022-03-09T05:59:14+00:00\",\"description\":\"Pour r\u00e9pondre \u00e0 cette question il faut tout d\u2019abord d\u00e9finir ce que l\u2019on entend par sauvage.\",\"breadcrumb\":{\"@id\":\"https:\/\/ethologie-equine.fr\/index.php\/2022\/03\/08\/chevaux-sauvages-mythe-ou-realite\/#breadcrumb\"},\"inLanguage\":\"fr-FR\",\"potentialAction\":[{\"@type\":\"ReadAction\",\"target\":[\"https:\/\/ethologie-equine.fr\/index.php\/2022\/03\/08\/chevaux-sauvages-mythe-ou-realite\/\"]}]},{\"@type\":\"ImageObject\",\"inLanguage\":\"fr-FR\",\"@id\":\"https:\/\/ethologie-equine.fr\/index.php\/2022\/03\/08\/chevaux-sauvages-mythe-ou-realite\/#primaryimage\",\"url\":\"https:\/\/i0.wp.com\/ethologie-equine.fr\/wp-content\/uploads\/2022\/03\/20200911_153923_HDR-scaled.jpg?fit=2560%2C1781&ssl=1\",\"contentUrl\":\"https:\/\/i0.wp.com\/ethologie-equine.fr\/wp-content\/uploads\/2022\/03\/20200911_153923_HDR-scaled.jpg?fit=2560%2C1781&ssl=1\",\"width\":2560,\"height\":1781,\"caption\":\"Chevaux de Przewalski \/ Association Takh\"},{\"@type\":\"BreadcrumbList\",\"@id\":\"https:\/\/ethologie-equine.fr\/index.php\/2022\/03\/08\/chevaux-sauvages-mythe-ou-realite\/#breadcrumb\",\"itemListElement\":[{\"@type\":\"ListItem\",\"position\":1,\"name\":\"Accueil\",\"item\":\"https:\/\/ethologie-equine.fr\/\"},{\"@type\":\"ListItem\",\"position\":2,\"name\":\"Chevaux sauvages : mythe ou r\u00e9alit\u00e9 ?\"}]},{\"@type\":\"WebSite\",\"@id\":\"https:\/\/ethologie-equine.fr\/#website\",\"url\":\"https:\/\/ethologie-equine.fr\/\",\"name\":\"Ethologie equine\",\"description\":\"la science au service du cheval\",\"publisher\":{\"@id\":\"https:\/\/ethologie-equine.fr\/#organization\"},\"potentialAction\":[{\"@type\":\"SearchAction\",\"target\":{\"@type\":\"EntryPoint\",\"urlTemplate\":\"https:\/\/ethologie-equine.fr\/?s={search_term_string}\"},\"query-input\":{\"@type\":\"PropertyValueSpecification\",\"valueRequired\":true,\"valueName\":\"search_term_string\"}}],\"inLanguage\":\"fr-FR\"},{\"@type\":\"Organization\",\"@id\":\"https:\/\/ethologie-equine.fr\/#organization\",\"name\":\"Ethologie equine\",\"url\":\"https:\/\/ethologie-equine.fr\/\",\"logo\":{\"@type\":\"ImageObject\",\"inLanguage\":\"fr-FR\",\"@id\":\"https:\/\/ethologie-equine.fr\/#\/schema\/logo\/image\/\",\"url\":\"https:\/\/i0.wp.com\/ethologie-equine.fr\/wp-content\/uploads\/2021\/10\/Logo-EE-site-800x900-1.png?fit=900%2C801&ssl=1\",\"contentUrl\":\"https:\/\/i0.wp.com\/ethologie-equine.fr\/wp-content\/uploads\/2021\/10\/Logo-EE-site-800x900-1.png?fit=900%2C801&ssl=1\",\"width\":900,\"height\":801,\"caption\":\"Ethologie equine\"},\"image\":{\"@id\":\"https:\/\/ethologie-equine.fr\/#\/schema\/logo\/image\/\"}},{\"@type\":\"Person\",\"@id\":\"https:\/\/ethologie-equine.fr\/#\/schema\/person\/dbfe3e35b9e30ce09652e26d2409f511\",\"name\":\"No\u00e9mie Roynette\",\"image\":{\"@type\":\"ImageObject\",\"inLanguage\":\"fr-FR\",\"@id\":\"https:\/\/ethologie-equine.fr\/#\/schema\/person\/image\/\",\"url\":\"https:\/\/secure.gravatar.com\/avatar\/629233e8c41806078f251c4835830cd4de42210ab364d8211d87d589b0bdc433?s=96&d=mm&r=g\",\"contentUrl\":\"https:\/\/secure.gravatar.com\/avatar\/629233e8c41806078f251c4835830cd4de42210ab364d8211d87d589b0bdc433?s=96&d=mm&r=g\",\"caption\":\"No\u00e9mie Roynette\"},\"url\":\"https:\/\/ethologie-equine.fr\/index.php\/author\/admin6539\/\"}]}<\/script>\n<!-- \/ Yoast SEO plugin. -->","yoast_head_json":{"title":"Chevaux sauvages : mythe ou r\u00e9alit\u00e9 ? - Ethologie equine","description":"Pour r\u00e9pondre \u00e0 cette question il faut tout d\u2019abord d\u00e9finir ce que l\u2019on entend par sauvage.","robots":{"index":"index","follow":"follow","max-snippet":"max-snippet:-1","max-image-preview":"max-image-preview:large","max-video-preview":"max-video-preview:-1"},"canonical":"https:\/\/ethologie-equine.fr\/index.php\/2022\/03\/08\/chevaux-sauvages-mythe-ou-realite\/","og_locale":"fr_FR","og_type":"article","og_title":"Chevaux sauvages : mythe ou r\u00e9alit\u00e9 ? - Ethologie equine","og_description":"Pour r\u00e9pondre \u00e0 cette question il faut tout d\u2019abord d\u00e9finir ce que l\u2019on entend par sauvage.","og_url":"https:\/\/ethologie-equine.fr\/index.php\/2022\/03\/08\/chevaux-sauvages-mythe-ou-realite\/","og_site_name":"Ethologie equine","article_published_time":"2022-03-08T20:34:56+00:00","article_modified_time":"2022-03-09T05:59:14+00:00","og_image":[{"width":2560,"height":1781,"url":"https:\/\/ethologie-equine.fr\/wp-content\/uploads\/2022\/03\/20200911_153923_HDR-scaled.jpg","type":"image\/jpeg"}],"author":"No\u00e9mie Roynette","twitter_card":"summary_large_image","twitter_misc":{"\u00c9crit par":"No\u00e9mie Roynette","Dur\u00e9e de lecture estim\u00e9e":"5 minutes"},"schema":{"@context":"https:\/\/schema.org","@graph":[{"@type":"Article","@id":"https:\/\/ethologie-equine.fr\/index.php\/2022\/03\/08\/chevaux-sauvages-mythe-ou-realite\/#article","isPartOf":{"@id":"https:\/\/ethologie-equine.fr\/index.php\/2022\/03\/08\/chevaux-sauvages-mythe-ou-realite\/"},"author":{"name":"No\u00e9mie Roynette","@id":"https:\/\/ethologie-equine.fr\/#\/schema\/person\/dbfe3e35b9e30ce09652e26d2409f511"},"headline":"Chevaux sauvages : mythe ou r\u00e9alit\u00e9 ?","datePublished":"2022-03-08T20:34:56+00:00","dateModified":"2022-03-09T05:59:14+00:00","mainEntityOfPage":{"@id":"https:\/\/ethologie-equine.fr\/index.php\/2022\/03\/08\/chevaux-sauvages-mythe-ou-realite\/"},"wordCount":763,"publisher":{"@id":"https:\/\/ethologie-equine.fr\/#organization"},"image":{"@id":"https:\/\/ethologie-equine.fr\/index.php\/2022\/03\/08\/chevaux-sauvages-mythe-ou-realite\/#primaryimage"},"thumbnailUrl":"https:\/\/i0.wp.com\/ethologie-equine.fr\/wp-content\/uploads\/2022\/03\/20200911_153923_HDR-scaled.jpg?fit=2560%2C1781&ssl=1","keywords":["featured"],"inLanguage":"fr-FR"},{"@type":"WebPage","@id":"https:\/\/ethologie-equine.fr\/index.php\/2022\/03\/08\/chevaux-sauvages-mythe-ou-realite\/","url":"https:\/\/ethologie-equine.fr\/index.php\/2022\/03\/08\/chevaux-sauvages-mythe-ou-realite\/","name":"Chevaux sauvages : mythe ou r\u00e9alit\u00e9 ? - Ethologie equine","isPartOf":{"@id":"https:\/\/ethologie-equine.fr\/#website"},"primaryImageOfPage":{"@id":"https:\/\/ethologie-equine.fr\/index.php\/2022\/03\/08\/chevaux-sauvages-mythe-ou-realite\/#primaryimage"},"image":{"@id":"https:\/\/ethologie-equine.fr\/index.php\/2022\/03\/08\/chevaux-sauvages-mythe-ou-realite\/#primaryimage"},"thumbnailUrl":"https:\/\/i0.wp.com\/ethologie-equine.fr\/wp-content\/uploads\/2022\/03\/20200911_153923_HDR-scaled.jpg?fit=2560%2C1781&ssl=1","datePublished":"2022-03-08T20:34:56+00:00","dateModified":"2022-03-09T05:59:14+00:00","description":"Pour r\u00e9pondre \u00e0 cette question il faut tout d\u2019abord d\u00e9finir ce que l\u2019on entend par sauvage.","breadcrumb":{"@id":"https:\/\/ethologie-equine.fr\/index.php\/2022\/03\/08\/chevaux-sauvages-mythe-ou-realite\/#breadcrumb"},"inLanguage":"fr-FR","potentialAction":[{"@type":"ReadAction","target":["https:\/\/ethologie-equine.fr\/index.php\/2022\/03\/08\/chevaux-sauvages-mythe-ou-realite\/"]}]},{"@type":"ImageObject","inLanguage":"fr-FR","@id":"https:\/\/ethologie-equine.fr\/index.php\/2022\/03\/08\/chevaux-sauvages-mythe-ou-realite\/#primaryimage","url":"https:\/\/i0.wp.com\/ethologie-equine.fr\/wp-content\/uploads\/2022\/03\/20200911_153923_HDR-scaled.jpg?fit=2560%2C1781&ssl=1","contentUrl":"https:\/\/i0.wp.com\/ethologie-equine.fr\/wp-content\/uploads\/2022\/03\/20200911_153923_HDR-scaled.jpg?fit=2560%2C1781&ssl=1","width":2560,"height":1781,"caption":"Chevaux de Przewalski \/ Association Takh"},{"@type":"BreadcrumbList","@id":"https:\/\/ethologie-equine.fr\/index.php\/2022\/03\/08\/chevaux-sauvages-mythe-ou-realite\/#breadcrumb","itemListElement":[{"@type":"ListItem","position":1,"name":"Accueil","item":"https:\/\/ethologie-equine.fr\/"},{"@type":"ListItem","position":2,"name":"Chevaux sauvages : mythe ou r\u00e9alit\u00e9 ?"}]},{"@type":"WebSite","@id":"https:\/\/ethologie-equine.fr\/#website","url":"https:\/\/ethologie-equine.fr\/","name":"Ethologie equine","description":"la science au service du cheval","publisher":{"@id":"https:\/\/ethologie-equine.fr\/#organization"},"potentialAction":[{"@type":"SearchAction","target":{"@type":"EntryPoint","urlTemplate":"https:\/\/ethologie-equine.fr\/?s={search_term_string}"},"query-input":{"@type":"PropertyValueSpecification","valueRequired":true,"valueName":"search_term_string"}}],"inLanguage":"fr-FR"},{"@type":"Organization","@id":"https:\/\/ethologie-equine.fr\/#organization","name":"Ethologie equine","url":"https:\/\/ethologie-equine.fr\/","logo":{"@type":"ImageObject","inLanguage":"fr-FR","@id":"https:\/\/ethologie-equine.fr\/#\/schema\/logo\/image\/","url":"https:\/\/i0.wp.com\/ethologie-equine.fr\/wp-content\/uploads\/2021\/10\/Logo-EE-site-800x900-1.png?fit=900%2C801&ssl=1","contentUrl":"https:\/\/i0.wp.com\/ethologie-equine.fr\/wp-content\/uploads\/2021\/10\/Logo-EE-site-800x900-1.png?fit=900%2C801&ssl=1","width":900,"height":801,"caption":"Ethologie equine"},"image":{"@id":"https:\/\/ethologie-equine.fr\/#\/schema\/logo\/image\/"}},{"@type":"Person","@id":"https:\/\/ethologie-equine.fr\/#\/schema\/person\/dbfe3e35b9e30ce09652e26d2409f511","name":"No\u00e9mie Roynette","image":{"@type":"ImageObject","inLanguage":"fr-FR","@id":"https:\/\/ethologie-equine.fr\/#\/schema\/person\/image\/","url":"https:\/\/secure.gravatar.com\/avatar\/629233e8c41806078f251c4835830cd4de42210ab364d8211d87d589b0bdc433?s=96&d=mm&r=g","contentUrl":"https:\/\/secure.gravatar.com\/avatar\/629233e8c41806078f251c4835830cd4de42210ab364d8211d87d589b0bdc433?s=96&d=mm&r=g","caption":"No\u00e9mie Roynette"},"url":"https:\/\/ethologie-equine.fr\/index.php\/author\/admin6539\/"}]}},"jetpack_featured_media_url":"https:\/\/i0.wp.com\/ethologie-equine.fr\/wp-content\/uploads\/2022\/03\/20200911_153923_HDR-scaled.jpg?fit=2560%2C1781&ssl=1","jetpack_sharing_enabled":true,"_links":{"self":[{"href":"https:\/\/ethologie-equine.fr\/index.php\/wp-json\/wp\/v2\/posts\/1796","targetHints":{"allow":["GET"]}}],"collection":[{"href":"https:\/\/ethologie-equine.fr\/index.php\/wp-json\/wp\/v2\/posts"}],"about":[{"href":"https:\/\/ethologie-equine.fr\/index.php\/wp-json\/wp\/v2\/types\/post"}],"author":[{"embeddable":true,"href":"https:\/\/ethologie-equine.fr\/index.php\/wp-json\/wp\/v2\/users\/1"}],"replies":[{"embeddable":true,"href":"https:\/\/ethologie-equine.fr\/index.php\/wp-json\/wp\/v2\/comments?post=1796"}],"version-history":[{"count":7,"href":"https:\/\/ethologie-equine.fr\/index.php\/wp-json\/wp\/v2\/posts\/1796\/revisions"}],"predecessor-version":[{"id":1806,"href":"https:\/\/ethologie-equine.fr\/index.php\/wp-json\/wp\/v2\/posts\/1796\/revisions\/1806"}],"wp:featuredmedia":[{"embeddable":true,"href":"https:\/\/ethologie-equine.fr\/index.php\/wp-json\/wp\/v2\/media\/1800"}],"wp:attachment":[{"href":"https:\/\/ethologie-equine.fr\/index.php\/wp-json\/wp\/v2\/media?parent=1796"}],"wp:term":[{"taxonomy":"category","embeddable":true,"href":"https:\/\/ethologie-equine.fr\/index.php\/wp-json\/wp\/v2\/categories?post=1796"},{"taxonomy":"post_tag","embeddable":true,"href":"https:\/\/ethologie-equine.fr\/index.php\/wp-json\/wp\/v2\/tags?post=1796"}],"curies":[{"name":"wp","href":"https:\/\/api.w.org\/{rel}","templated":true}]}}